{"id":131175,"date":"2023-12-28T02:48:42","date_gmt":"2023-12-28T02:48:42","guid":{"rendered":"https:\/\/dailytalks.org\/?p=131175"},"modified":"2023-12-28T02:48:42","modified_gmt":"2023-12-28T02:48:42","slug":"tanaiste-indicates-govt-will-not-refer-israel-to-icc","status":"publish","type":"post","link":"https:\/\/dailytalks.org\/?p=131175","title":{"rendered":"T\u00e1naiste indicates Govt will not refer Israel to ICC"},"content":{"rendered":"<p>T\u00e1naiste Miche\u00e1l Martin has indicated that the Government will not be referring Israel to the International Criminal Court over the conduct of its war on Hamas in Gaza. While the&#8230;<br \/><a href=\"https:\/\/www.rte.ie\/news\/2023\/1112\/1416072-govt-israel-icc\/\" class=\"button purchase\" rel=\"nofollow noopener\" target=\"_blank\">Read More<\/a><\/p>\n","protected":false},"excerpt":{"rendered":"<p>T\u00e1naiste Miche\u00e1l Martin has indicated that the Government will not be referring Israel to the<\/p>\n","protected":false},"author":1,"featured_media":131176,"comment_status":"open","ping_status":"open","sticky":false,"template":"","format":"standard","meta":{"footnotes":""},"categories":[14],"tags":[],"class_list":["post-131175","post","type-post","status-publish","format-standard","has-post-thumbnail","hentry","category-breaking"],"featured_image_urls":{"full":["https:\/\/dailytalks.org\/wp-content\/uploads\/2023\/12\/131175-tanaiste-indicates-govt-will-not-refer-israel-to-icc.jpg",1600,900,false],"thumbnail":["https:\/\/dailytalks.org\/wp-content\/uploads\/2023\/12\/131175-tanaiste-indicates-govt-will-not-refer-israel-to-icc-150x150.jpg",150,150,true],"medium":["https:\/\/dailytalks.org\/wp-content\/uploads\/2023\/12\/131175-tanaiste-indicates-govt-will-not-refer-israel-to-icc-300x169.jpg",300,169,true],"medium_large":["https:\/\/dailytalks.org\/wp-content\/uploads\/2023\/12\/131175-tanaiste-indicates-govt-will-not-refer-israel-to-icc-768x432.jpg",640,360,true],"large":["https:\/\/dailytalks.org\/wp-content\/uploads\/2023\/12\/131175-tanaiste-indicates-govt-will-not-refer-israel-to-icc-1024x576.jpg",640,360,true],"1536x1536":["https:\/\/dailytalks.org\/wp-content\/uploads\/2023\/12\/131175-tanaiste-indicates-govt-will-not-refer-israel-to-icc-1536x864.jpg",1536,864,true],"2048x2048":["https:\/\/dailytalks.org\/wp-content\/uploads\/2023\/12\/131175-tanaiste-indicates-govt-will-not-refer-israel-to-icc.jpg",1600,900,false],"chromenews-featured":["https:\/\/dailytalks.org\/wp-content\/uploads\/2023\/12\/131175-tanaiste-indicates-govt-will-not-refer-israel-to-icc-1024x576.jpg",1024,576,true],"chromenews-large":["https:\/\/dailytalks.org\/wp-content\/uploads\/2023\/12\/131175-tanaiste-indicates-govt-will-not-refer-israel-to-icc-825x575.jpg",825,575,true],"chromenews-medium":["https:\/\/dailytalks.org\/wp-content\/uploads\/2023\/12\/131175-tanaiste-indicates-govt-will-not-refer-israel-to-icc-590x410.jpg",590,410,true]},"author_info":{"display_name":"Jonathan Jeriah","author_link":"https:\/\/dailytalks.org\/?author=1"},"category_info":"<a href=\"https:\/\/dailytalks.org\/?cat=14\" rel=\"category\">BREAKING NEWS<\/a>","tag_info":"BREAKING NEWS","comment_count":"0","_links":{"self":[{"href":"https:\/\/dailytalks.org\/index.php?rest_route=\/wp\/v2\/posts\/131175","targetHints":{"allow":["GET"]}}],"collection":[{"href":"https:\/\/dailytalks.org\/index.php?rest_route=\/wp\/v2\/posts"}],"about":[{"href":"https:\/\/dailytalks.org\/index.php?rest_route=\/wp\/v2\/types\/post"}],"author":[{"embeddable":true,"href":"https:\/\/dailytalks.org\/index.php?rest_route=\/wp\/v2\/users\/1"}],"replies":[{"embeddable":true,"href":"https:\/\/dailytalks.org\/index.php?rest_route=%2Fwp%2Fv2%2Fcomments&post=131175"}],"version-history":[{"count":0,"href":"https:\/\/dailytalks.org\/index.php?rest_route=\/wp\/v2\/posts\/131175\/revisions"}],"wp:featuredmedia":[{"embeddable":true,"href":"https:\/\/dailytalks.org\/index.php?rest_route=\/wp\/v2\/media\/131176"}],"wp:attachment":[{"href":"https:\/\/dailytalks.org\/index.php?rest_route=%2Fwp%2Fv2%2Fmedia&parent=131175"}],"wp:term":[{"taxonomy":"category","embeddable":true,"href":"https:\/\/dailytalks.org\/index.php?rest_route=%2Fwp%2Fv2%2Fcategories&post=131175"},{"taxonomy":"post_tag","embeddable":true,"href":"https:\/\/dailytalks.org\/index.php?rest_route=%2Fwp%2Fv2%2Ftags&post=131175"}],"curies":[{"name":"wp","href":"https:\/\/api.w.org\/{rel}","templated":true}]}}