{"id":144870,"date":"2024-03-05T22:45:59","date_gmt":"2024-03-05T22:45:59","guid":{"rendered":"https:\/\/dailytalks.org\/?p=144870"},"modified":"2024-03-05T22:45:59","modified_gmt":"2024-03-05T22:45:59","slug":"haas-f1-perd-son-directeur-technique-a-la-veille-de-la-saison-2024","status":"publish","type":"post","link":"https:\/\/dailytalks.org\/?p=144870","title":{"rendered":"Haas F1 perd son directeur technique \u00e0 la veille de la saison 2024"},"content":{"rendered":"<p>Simone Resta, le directeur technique de Haas F1 Team, a quitt\u00e9 l&#8217;\u00e9quipe am\u00e9ricaine il y a quelques jours selon plusieurs sources concordantes. Contact\u00e9e par nos soins, Haas F1 n&#8217;a pas encore comment\u00e9 l&#8217;information qui se diffuse dans les m\u00e9dias aujourd&#8217;hui. L&#8217;ing\u00e9nieur avait quitt\u00e9 Ferrari pour Haas (&#8230;)<\/p>\n<p>&#8211;<br \/>\nFormule 1<\/p>\n<p>\/<br \/>\nHaas F1&#8230;<br \/><a href=\"https:\/\/motorsport.nextgen-auto.com\/fr\/formule-1\/haas-f1-perd-son-directeur-technique-a-la-veille-de-la-saison-2024,187993.html\" class=\"button purchase\" rel=\"nofollow noopener\" target=\"_blank\">Read More<\/a><\/p>\n","protected":false},"excerpt":{"rendered":"<p>Simone Resta, le directeur technique de Haas F1 Team, a quitt\u00e9 l&#8217;\u00e9quipe am\u00e9ricaine il y<\/p>\n","protected":false},"author":1,"featured_media":144871,"comment_status":"open","ping_status":"open","sticky":false,"template":"","format":"standard","meta":{"footnotes":""},"categories":[41],"tags":[],"class_list":["post-144870","post","type-post","status-publish","format-standard","has-post-thumbnail","hentry","category-americas"],"featured_image_urls":{"full":["https:\/\/dailytalks.org\/wp-content\/uploads\/2024\/03\/144870-haas-f1-perd-son-directeur-technique-a-la-veille-de-la-saison-2024.jpg",680,453,false],"thumbnail":["https:\/\/dailytalks.org\/wp-content\/uploads\/2024\/03\/144870-haas-f1-perd-son-directeur-technique-a-la-veille-de-la-saison-2024-150x150.jpg",150,150,true],"medium":["https:\/\/dailytalks.org\/wp-content\/uploads\/2024\/03\/144870-haas-f1-perd-son-directeur-technique-a-la-veille-de-la-saison-2024-300x200.jpg",300,200,true],"medium_large":["https:\/\/dailytalks.org\/wp-content\/uploads\/2024\/03\/144870-haas-f1-perd-son-directeur-technique-a-la-veille-de-la-saison-2024.jpg",640,426,false],"large":["https:\/\/dailytalks.org\/wp-content\/uploads\/2024\/03\/144870-haas-f1-perd-son-directeur-technique-a-la-veille-de-la-saison-2024.jpg",640,426,false],"1536x1536":["https:\/\/dailytalks.org\/wp-content\/uploads\/2024\/03\/144870-haas-f1-perd-son-directeur-technique-a-la-veille-de-la-saison-2024.jpg",680,453,false],"2048x2048":["https:\/\/dailytalks.org\/wp-content\/uploads\/2024\/03\/144870-haas-f1-perd-son-directeur-technique-a-la-veille-de-la-saison-2024.jpg",680,453,false],"chromenews-featured":["https:\/\/dailytalks.org\/wp-content\/uploads\/2024\/03\/144870-haas-f1-perd-son-directeur-technique-a-la-veille-de-la-saison-2024.jpg",680,453,false],"chromenews-large":["https:\/\/dailytalks.org\/wp-content\/uploads\/2024\/03\/144870-haas-f1-perd-son-directeur-technique-a-la-veille-de-la-saison-2024.jpg",680,453,false],"chromenews-medium":["https:\/\/dailytalks.org\/wp-content\/uploads\/2024\/03\/144870-haas-f1-perd-son-directeur-technique-a-la-veille-de-la-saison-2024-590x410.jpg",590,410,true]},"author_info":{"display_name":"Jonathan Jeriah","author_link":"https:\/\/dailytalks.org\/?author=1"},"category_info":"<a href=\"https:\/\/dailytalks.org\/?cat=41\" rel=\"category\">Americas<\/a>","tag_info":"Americas","comment_count":"0","_links":{"self":[{"href":"https:\/\/dailytalks.org\/index.php?rest_route=\/wp\/v2\/posts\/144870","targetHints":{"allow":["GET"]}}],"collection":[{"href":"https:\/\/dailytalks.org\/index.php?rest_route=\/wp\/v2\/posts"}],"about":[{"href":"https:\/\/dailytalks.org\/index.php?rest_route=\/wp\/v2\/types\/post"}],"author":[{"embeddable":true,"href":"https:\/\/dailytalks.org\/index.php?rest_route=\/wp\/v2\/users\/1"}],"replies":[{"embeddable":true,"href":"https:\/\/dailytalks.org\/index.php?rest_route=%2Fwp%2Fv2%2Fcomments&post=144870"}],"version-history":[{"count":0,"href":"https:\/\/dailytalks.org\/index.php?rest_route=\/wp\/v2\/posts\/144870\/revisions"}],"wp:featuredmedia":[{"embeddable":true,"href":"https:\/\/dailytalks.org\/index.php?rest_route=\/wp\/v2\/media\/144871"}],"wp:attachment":[{"href":"https:\/\/dailytalks.org\/index.php?rest_route=%2Fwp%2Fv2%2Fmedia&parent=144870"}],"wp:term":[{"taxonomy":"category","embeddable":true,"href":"https:\/\/dailytalks.org\/index.php?rest_route=%2Fwp%2Fv2%2Fcategories&post=144870"},{"taxonomy":"post_tag","embeddable":true,"href":"https:\/\/dailytalks.org\/index.php?rest_route=%2Fwp%2Fv2%2Ftags&post=144870"}],"curies":[{"name":"wp","href":"https:\/\/api.w.org\/{rel}","templated":true}]}}