{"id":182583,"date":"2025-10-13T04:57:20","date_gmt":"2025-10-13T04:57:20","guid":{"rendered":"https:\/\/dailytalks.org\/?p=182583"},"modified":"2025-10-13T04:57:20","modified_gmt":"2025-10-13T04:57:20","slug":"paris-baguette-celebrates-250th-cafe-opening-in-frederick-maryland-accelerating-expansion-and-reviving-the-neighborhood-bakery-cafe","status":"publish","type":"post","link":"https:\/\/dailytalks.org\/?p=182583","title":{"rendered":"Paris Baguette Celebrates 250th Caf\u00e9 Opening in Frederick, Maryland, Accelerating Expansion and Reviving the Neighborhood Bakery Caf\u00e9"},"content":{"rendered":"<p>Global bakery caf\u00e9 franchise doubles down on growth with milestone opening, bringing expertly crafted pastries, coffee, and community-focused experiences to neighborhoods across North America.<br \/>\nThe post Paris Baguette Celebrates 250th Caf\u00e9 Opening in Frederick, Maryland, Accelerating Expansion and Reviving the Neighborhood Bakery Caf\u00e9 first appeared on RestaurantNews.com&#8230;<br \/><a href=\"https:\/\/www.restaurantnews.com\/paris-baguette-celebrates-250th-cafe-opening-in-frederick-maryland-accelerating-expansion-and-reviving-the-neighborhood-bakery-cafe-082025\/\" class=\"button purchase\" rel=\"nofollow noopener\" target=\"_blank\">Read More<\/a><\/p>\n","protected":false},"excerpt":{"rendered":"<p>Global bakery caf\u00e9 franchise doubles down on growth with milestone opening, bringing expertly crafted pastries,<\/p>\n","protected":false},"author":1,"featured_media":182584,"comment_status":"open","ping_status":"open","sticky":false,"template":"","format":"standard","meta":{"footnotes":""},"categories":[41],"tags":[],"class_list":["post-182583","post","type-post","status-publish","format-standard","has-post-thumbnail","hentry","category-americas"],"featured_image_urls":{"full":["https:\/\/dailytalks.org\/wp-content\/uploads\/2025\/10\/182583-paris-baguette-celebrates-250th-cafe-opening-in-frederick-maryland-accelerating-expansion-68ec86c2d5559.jpg",722,433,false],"thumbnail":["https:\/\/dailytalks.org\/wp-content\/uploads\/2025\/10\/182583-paris-baguette-celebrates-250th-cafe-opening-in-frederick-maryland-accelerating-expansion-68ec86c2d5559-150x150.jpg",150,150,true],"medium":["https:\/\/dailytalks.org\/wp-content\/uploads\/2025\/10\/182583-paris-baguette-celebrates-250th-cafe-opening-in-frederick-maryland-accelerating-expansion-68ec86c2d5559-300x180.jpg",300,180,true],"medium_large":["https:\/\/dailytalks.org\/wp-content\/uploads\/2025\/10\/182583-paris-baguette-celebrates-250th-cafe-opening-in-frederick-maryland-accelerating-expansion-68ec86c2d5559.jpg",640,384,false],"large":["https:\/\/dailytalks.org\/wp-content\/uploads\/2025\/10\/182583-paris-baguette-celebrates-250th-cafe-opening-in-frederick-maryland-accelerating-expansion-68ec86c2d5559.jpg",640,384,false],"1536x1536":["https:\/\/dailytalks.org\/wp-content\/uploads\/2025\/10\/182583-paris-baguette-celebrates-250th-cafe-opening-in-frederick-maryland-accelerating-expansion-68ec86c2d5559.jpg",722,433,false],"2048x2048":["https:\/\/dailytalks.org\/wp-content\/uploads\/2025\/10\/182583-paris-baguette-celebrates-250th-cafe-opening-in-frederick-maryland-accelerating-expansion-68ec86c2d5559.jpg",722,433,false],"chromenews-featured":["https:\/\/dailytalks.org\/wp-content\/uploads\/2025\/10\/182583-paris-baguette-celebrates-250th-cafe-opening-in-frederick-maryland-accelerating-expansion-68ec86c2d5559.jpg",722,433,false],"chromenews-large":["https:\/\/dailytalks.org\/wp-content\/uploads\/2025\/10\/182583-paris-baguette-celebrates-250th-cafe-opening-in-frederick-maryland-accelerating-expansion-68ec86c2d5559.jpg",722,433,false],"chromenews-medium":["https:\/\/dailytalks.org\/wp-content\/uploads\/2025\/10\/182583-paris-baguette-celebrates-250th-cafe-opening-in-frederick-maryland-accelerating-expansion-68ec86c2d5559-590x410.jpg",590,410,true]},"author_info":{"display_name":"Jonathan Jeriah","author_link":"https:\/\/dailytalks.org\/?author=1"},"category_info":"<a href=\"https:\/\/dailytalks.org\/?cat=41\" rel=\"category\">Americas<\/a>","tag_info":"Americas","comment_count":"0","_links":{"self":[{"href":"https:\/\/dailytalks.org\/index.php?rest_route=\/wp\/v2\/posts\/182583","targetHints":{"allow":["GET"]}}],"collection":[{"href":"https:\/\/dailytalks.org\/index.php?rest_route=\/wp\/v2\/posts"}],"about":[{"href":"https:\/\/dailytalks.org\/index.php?rest_route=\/wp\/v2\/types\/post"}],"author":[{"embeddable":true,"href":"https:\/\/dailytalks.org\/index.php?rest_route=\/wp\/v2\/users\/1"}],"replies":[{"embeddable":true,"href":"https:\/\/dailytalks.org\/index.php?rest_route=%2Fwp%2Fv2%2Fcomments&post=182583"}],"version-history":[{"count":0,"href":"https:\/\/dailytalks.org\/index.php?rest_route=\/wp\/v2\/posts\/182583\/revisions"}],"wp:featuredmedia":[{"embeddable":true,"href":"https:\/\/dailytalks.org\/index.php?rest_route=\/wp\/v2\/media\/182584"}],"wp:attachment":[{"href":"https:\/\/dailytalks.org\/index.php?rest_route=%2Fwp%2Fv2%2Fmedia&parent=182583"}],"wp:term":[{"taxonomy":"category","embeddable":true,"href":"https:\/\/dailytalks.org\/index.php?rest_route=%2Fwp%2Fv2%2Fcategories&post=182583"},{"taxonomy":"post_tag","embeddable":true,"href":"https:\/\/dailytalks.org\/index.php?rest_route=%2Fwp%2Fv2%2Ftags&post=182583"}],"curies":[{"name":"wp","href":"https:\/\/api.w.org\/{rel}","templated":true}]}}