{"id":194188,"date":"2025-11-30T09:16:44","date_gmt":"2025-11-30T09:16:44","guid":{"rendered":"https:\/\/dailytalks.org\/?p=194188"},"modified":"2025-11-30T09:16:44","modified_gmt":"2025-11-30T09:16:44","slug":"hungary-urges-eu-to-end-its-anti-israel-policy-as-israeli-fm-visits-budapest","status":"publish","type":"post","link":"https:\/\/dailytalks.org\/?p=194188","title":{"rendered":"Hungary urges EU to end its \u2018anti-Israel Policy\u2019 as Israeli FM visits Budapest"},"content":{"rendered":"<p>Hungarian Foreign Minister P\u00e9ter Szijj\u00e1rt\u00f3 has called on Brussels to \u201cend its anti-Israel policy\u201d and withdraw proposals that could harm relations with the Jewish state. Speaking at a joint press conference with his Israeli counterpart Gideon Sa\u2019ar in Budapest on September 8, Szijj\u00e1rt\u00f3 said the European Union\u2019s current approach only fuels tensions instead of promoting [\u2026&#8230;<br \/><a href=\"https:\/\/dailynewshungary.com\/hungary-eu-anti-israel-policy-israeli-fm-budapest\/\" class=\"button purchase\" rel=\"nofollow noopener\" target=\"_blank\">Read More<\/a><\/p>\n","protected":false},"excerpt":{"rendered":"<p>Hungarian Foreign Minister P\u00e9ter Szijj\u00e1rt\u00f3 has called on Brussels to \u201cend its anti-Israel policy\u201d and<\/p>\n","protected":false},"author":1,"featured_media":194189,"comment_status":"open","ping_status":"open","sticky":false,"template":"","format":"standard","meta":{"footnotes":""},"categories":[16],"tags":[],"class_list":["post-194188","post","type-post","status-publish","format-standard","has-post-thumbnail","hentry","category-europe"],"featured_image_urls":{"full":["https:\/\/dailytalks.org\/wp-content\/uploads\/2025\/11\/194188-hungary-urges-eu-to-end-its-anti-israel-policy-as-israeli-fm-visits-budapest.webp",720,480,false],"thumbnail":["https:\/\/dailytalks.org\/wp-content\/uploads\/2025\/11\/194188-hungary-urges-eu-to-end-its-anti-israel-policy-as-israeli-fm-visits-budapest-150x150.webp",150,150,true],"medium":["https:\/\/dailytalks.org\/wp-content\/uploads\/2025\/11\/194188-hungary-urges-eu-to-end-its-anti-israel-policy-as-israeli-fm-visits-budapest-300x200.webp",300,200,true],"medium_large":["https:\/\/dailytalks.org\/wp-content\/uploads\/2025\/11\/194188-hungary-urges-eu-to-end-its-anti-israel-policy-as-israeli-fm-visits-budapest.webp",640,427,false],"large":["https:\/\/dailytalks.org\/wp-content\/uploads\/2025\/11\/194188-hungary-urges-eu-to-end-its-anti-israel-policy-as-israeli-fm-visits-budapest.webp",640,427,false],"1536x1536":["https:\/\/dailytalks.org\/wp-content\/uploads\/2025\/11\/194188-hungary-urges-eu-to-end-its-anti-israel-policy-as-israeli-fm-visits-budapest.webp",720,480,false],"2048x2048":["https:\/\/dailytalks.org\/wp-content\/uploads\/2025\/11\/194188-hungary-urges-eu-to-end-its-anti-israel-policy-as-israeli-fm-visits-budapest.webp",720,480,false],"chromenews-featured":["https:\/\/dailytalks.org\/wp-content\/uploads\/2025\/11\/194188-hungary-urges-eu-to-end-its-anti-israel-policy-as-israeli-fm-visits-budapest.webp",720,480,false],"chromenews-large":["https:\/\/dailytalks.org\/wp-content\/uploads\/2025\/11\/194188-hungary-urges-eu-to-end-its-anti-israel-policy-as-israeli-fm-visits-budapest.webp",720,480,false],"chromenews-medium":["https:\/\/dailytalks.org\/wp-content\/uploads\/2025\/11\/194188-hungary-urges-eu-to-end-its-anti-israel-policy-as-israeli-fm-visits-budapest-590x410.webp",590,410,true]},"author_info":{"display_name":"Jonathan Jeriah","author_link":"https:\/\/dailytalks.org\/?author=1"},"category_info":"<a href=\"https:\/\/dailytalks.org\/?cat=16\" rel=\"category\">Europe<\/a>","tag_info":"Europe","comment_count":"0","_links":{"self":[{"href":"https:\/\/dailytalks.org\/index.php?rest_route=\/wp\/v2\/posts\/194188","targetHints":{"allow":["GET"]}}],"collection":[{"href":"https:\/\/dailytalks.org\/index.php?rest_route=\/wp\/v2\/posts"}],"about":[{"href":"https:\/\/dailytalks.org\/index.php?rest_route=\/wp\/v2\/types\/post"}],"author":[{"embeddable":true,"href":"https:\/\/dailytalks.org\/index.php?rest_route=\/wp\/v2\/users\/1"}],"replies":[{"embeddable":true,"href":"https:\/\/dailytalks.org\/index.php?rest_route=%2Fwp%2Fv2%2Fcomments&post=194188"}],"version-history":[{"count":0,"href":"https:\/\/dailytalks.org\/index.php?rest_route=\/wp\/v2\/posts\/194188\/revisions"}],"wp:featuredmedia":[{"embeddable":true,"href":"https:\/\/dailytalks.org\/index.php?rest_route=\/wp\/v2\/media\/194189"}],"wp:attachment":[{"href":"https:\/\/dailytalks.org\/index.php?rest_route=%2Fwp%2Fv2%2Fmedia&parent=194188"}],"wp:term":[{"taxonomy":"category","embeddable":true,"href":"https:\/\/dailytalks.org\/index.php?rest_route=%2Fwp%2Fv2%2Fcategories&post=194188"},{"taxonomy":"post_tag","embeddable":true,"href":"https:\/\/dailytalks.org\/index.php?rest_route=%2Fwp%2Fv2%2Ftags&post=194188"}],"curies":[{"name":"wp","href":"https:\/\/api.w.org\/{rel}","templated":true}]}}