{"id":27738,"date":"2023-01-15T06:44:43","date_gmt":"2023-01-15T06:44:43","guid":{"rendered":"https:\/\/dailytalks.org\/?p=27738"},"modified":"2023-01-15T06:44:43","modified_gmt":"2023-01-15T06:44:43","slug":"ops-y-canada-intensifican-esfuerzos-para-llevar-vacunas-contra-covid-19-a-poblaciones-en-situacion-de-vulnerabilidad-en-america-latina-y-el-caribe","status":"publish","type":"post","link":"https:\/\/dailytalks.org\/?p=27738","title":{"rendered":"OPS y Canad\u00e1 intensifican esfuerzos para llevar vacunas contra COVID-19 a poblaciones en situaci\u00f3n de vulnerabilidad en Am\u00e9rica Latina y el Caribe"},"content":{"rendered":"<p>PAHO and Canada step up efforts to bring COVID-19 vaccines to populations in situations of vulnerability in Latin America and the Caribbean<\/p>\n<p>Oscar Reyes<\/p>\n<p>13 Jan 2023&#8230;<br \/><a href=\"https:\/\/www.paho.org\/es\/noticias\/13-1-2023-ops-canada-intensifican-esfuerzos-para-llevar-vacunas-contra-covid-19\" class=\"button purchase\" rel=\"nofollow noopener\" target=\"_blank\">Read More<\/a><\/p>\n","protected":false},"excerpt":{"rendered":"<p>PAHO and Canada step up efforts to bring COVID-19 vaccines to populations in situations of<\/p>\n","protected":false},"author":1,"featured_media":27739,"comment_status":"open","ping_status":"open","sticky":false,"template":"","format":"standard","meta":{"footnotes":""},"categories":[41],"tags":[],"class_list":["post-27738","post","type-post","status-publish","format-standard","has-post-thumbnail","hentry","category-americas"],"featured_image_urls":{"full":["https:\/\/dailytalks.org\/wp-content\/uploads\/2023\/01\/27738-ops-y-canada-intensifican-esfuerzos-para-llevar-vacunas-contra-covid-19-a-poblaciones-en-situacion-de-vulnerabilidad-en-america-latina-y-el-caribe.jpg",650,462,false],"thumbnail":["https:\/\/dailytalks.org\/wp-content\/uploads\/2023\/01\/27738-ops-y-canada-intensifican-esfuerzos-para-llevar-vacunas-contra-covid-19-a-poblaciones-en-situacion-de-vulnerabilidad-en-america-latina-y-el-caribe-150x150.jpg",150,150,true],"medium":["https:\/\/dailytalks.org\/wp-content\/uploads\/2023\/01\/27738-ops-y-canada-intensifican-esfuerzos-para-llevar-vacunas-contra-covid-19-a-poblaciones-en-situacion-de-vulnerabilidad-en-america-latina-y-el-caribe-300x213.jpg",300,213,true],"medium_large":["https:\/\/dailytalks.org\/wp-content\/uploads\/2023\/01\/27738-ops-y-canada-intensifican-esfuerzos-para-llevar-vacunas-contra-covid-19-a-poblaciones-en-situacion-de-vulnerabilidad-en-america-latina-y-el-caribe.jpg",640,455,false],"large":["https:\/\/dailytalks.org\/wp-content\/uploads\/2023\/01\/27738-ops-y-canada-intensifican-esfuerzos-para-llevar-vacunas-contra-covid-19-a-poblaciones-en-situacion-de-vulnerabilidad-en-america-latina-y-el-caribe.jpg",640,455,false],"1536x1536":["https:\/\/dailytalks.org\/wp-content\/uploads\/2023\/01\/27738-ops-y-canada-intensifican-esfuerzos-para-llevar-vacunas-contra-covid-19-a-poblaciones-en-situacion-de-vulnerabilidad-en-america-latina-y-el-caribe.jpg",650,462,false],"2048x2048":["https:\/\/dailytalks.org\/wp-content\/uploads\/2023\/01\/27738-ops-y-canada-intensifican-esfuerzos-para-llevar-vacunas-contra-covid-19-a-poblaciones-en-situacion-de-vulnerabilidad-en-america-latina-y-el-caribe.jpg",650,462,false],"chromenews-featured":["https:\/\/dailytalks.org\/wp-content\/uploads\/2023\/01\/27738-ops-y-canada-intensifican-esfuerzos-para-llevar-vacunas-contra-covid-19-a-poblaciones-en-situacion-de-vulnerabilidad-en-america-latina-y-el-caribe.jpg",650,462,false],"chromenews-large":["https:\/\/dailytalks.org\/wp-content\/uploads\/2023\/01\/27738-ops-y-canada-intensifican-esfuerzos-para-llevar-vacunas-contra-covid-19-a-poblaciones-en-situacion-de-vulnerabilidad-en-america-latina-y-el-caribe.jpg",650,462,false],"chromenews-medium":["https:\/\/dailytalks.org\/wp-content\/uploads\/2023\/01\/27738-ops-y-canada-intensifican-esfuerzos-para-llevar-vacunas-contra-covid-19-a-poblaciones-en-situacion-de-vulnerabilidad-en-america-latina-y-el-caribe-590x410.jpg",590,410,true]},"author_info":{"display_name":"Jonathan Jeriah","author_link":"https:\/\/dailytalks.org\/?author=1"},"category_info":"<a href=\"https:\/\/dailytalks.org\/?cat=41\" rel=\"category\">Americas<\/a>","tag_info":"Americas","comment_count":"0","_links":{"self":[{"href":"https:\/\/dailytalks.org\/index.php?rest_route=\/wp\/v2\/posts\/27738","targetHints":{"allow":["GET"]}}],"collection":[{"href":"https:\/\/dailytalks.org\/index.php?rest_route=\/wp\/v2\/posts"}],"about":[{"href":"https:\/\/dailytalks.org\/index.php?rest_route=\/wp\/v2\/types\/post"}],"author":[{"embeddable":true,"href":"https:\/\/dailytalks.org\/index.php?rest_route=\/wp\/v2\/users\/1"}],"replies":[{"embeddable":true,"href":"https:\/\/dailytalks.org\/index.php?rest_route=%2Fwp%2Fv2%2Fcomments&post=27738"}],"version-history":[{"count":0,"href":"https:\/\/dailytalks.org\/index.php?rest_route=\/wp\/v2\/posts\/27738\/revisions"}],"wp:featuredmedia":[{"embeddable":true,"href":"https:\/\/dailytalks.org\/index.php?rest_route=\/wp\/v2\/media\/27739"}],"wp:attachment":[{"href":"https:\/\/dailytalks.org\/index.php?rest_route=%2Fwp%2Fv2%2Fmedia&parent=27738"}],"wp:term":[{"taxonomy":"category","embeddable":true,"href":"https:\/\/dailytalks.org\/index.php?rest_route=%2Fwp%2Fv2%2Fcategories&post=27738"},{"taxonomy":"post_tag","embeddable":true,"href":"https:\/\/dailytalks.org\/index.php?rest_route=%2Fwp%2Fv2%2Ftags&post=27738"}],"curies":[{"name":"wp","href":"https:\/\/api.w.org\/{rel}","templated":true}]}}