{"id":28430,"date":"2023-01-18T03:44:51","date_gmt":"2023-01-18T03:44:51","guid":{"rendered":"https:\/\/dailytalks.org\/?p=28430"},"modified":"2023-01-18T03:44:51","modified_gmt":"2023-01-18T03:44:51","slug":"poisoned-by-pesticides-health-crisis-deepens-in-brazils-indigenous-communities","status":"publish","type":"post","link":"https:\/\/dailytalks.org\/?p=28430","title":{"rendered":"Poisoned by pesticides: Health crisis deepens in Brazil\u2019s Indigenous communities"},"content":{"rendered":"<p>Brazil\u2019s use of pesticides has spiked in recent years, growing by over 300,000 tonnes since 2010, according to experts. A recent report, published by the NGO Opera\u00e7\u00e3o Amaz\u00f4nia Nativa (OPAN) in partnership with the Federal University of Mato Grosso\u2019s institute of public health, reveals the harmful effects of these chemicals on Indigenous populations living in [\u2026&#8230;<br \/><a href=\"https:\/\/news.mongabay.com\/2023\/01\/poisoned-by-pesticides-health-crisis-deepens-in-brazils-indigenous-communities\/\" class=\"button purchase\" rel=\"nofollow noopener\" target=\"_blank\">Read More<\/a><\/p>\n","protected":false},"excerpt":{"rendered":"<p>Brazil\u2019s use of pesticides has spiked in recent years, growing by over 300,000 tonnes since<\/p>\n","protected":false},"author":1,"featured_media":28431,"comment_status":"open","ping_status":"open","sticky":false,"template":"","format":"standard","meta":{"footnotes":""},"categories":[43],"tags":[],"class_list":["post-28430","post","type-post","status-publish","format-standard","has-post-thumbnail","hentry","category-health"],"featured_image_urls":{"full":["https:\/\/dailytalks.org\/wp-content\/uploads\/2023\/01\/28430-poisoned-by-pesticides-health-crisis-deepens-in-brazils-indigenous-communities.jpg",768,512,false],"thumbnail":["https:\/\/dailytalks.org\/wp-content\/uploads\/2023\/01\/28430-poisoned-by-pesticides-health-crisis-deepens-in-brazils-indigenous-communities-150x150.jpg",150,150,true],"medium":["https:\/\/dailytalks.org\/wp-content\/uploads\/2023\/01\/28430-poisoned-by-pesticides-health-crisis-deepens-in-brazils-indigenous-communities-300x200.jpg",300,200,true],"medium_large":["https:\/\/dailytalks.org\/wp-content\/uploads\/2023\/01\/28430-poisoned-by-pesticides-health-crisis-deepens-in-brazils-indigenous-communities.jpg",640,427,false],"large":["https:\/\/dailytalks.org\/wp-content\/uploads\/2023\/01\/28430-poisoned-by-pesticides-health-crisis-deepens-in-brazils-indigenous-communities.jpg",640,427,false],"1536x1536":["https:\/\/dailytalks.org\/wp-content\/uploads\/2023\/01\/28430-poisoned-by-pesticides-health-crisis-deepens-in-brazils-indigenous-communities.jpg",768,512,false],"2048x2048":["https:\/\/dailytalks.org\/wp-content\/uploads\/2023\/01\/28430-poisoned-by-pesticides-health-crisis-deepens-in-brazils-indigenous-communities.jpg",768,512,false],"chromenews-featured":["https:\/\/dailytalks.org\/wp-content\/uploads\/2023\/01\/28430-poisoned-by-pesticides-health-crisis-deepens-in-brazils-indigenous-communities.jpg",768,512,false],"chromenews-large":["https:\/\/dailytalks.org\/wp-content\/uploads\/2023\/01\/28430-poisoned-by-pesticides-health-crisis-deepens-in-brazils-indigenous-communities.jpg",768,512,false],"chromenews-medium":["https:\/\/dailytalks.org\/wp-content\/uploads\/2023\/01\/28430-poisoned-by-pesticides-health-crisis-deepens-in-brazils-indigenous-communities-590x410.jpg",590,410,true]},"author_info":{"display_name":"Jonathan Jeriah","author_link":"https:\/\/dailytalks.org\/?author=1"},"category_info":"<a href=\"https:\/\/dailytalks.org\/?cat=43\" rel=\"category\">Health<\/a>","tag_info":"Health","comment_count":"0","_links":{"self":[{"href":"https:\/\/dailytalks.org\/index.php?rest_route=\/wp\/v2\/posts\/28430","targetHints":{"allow":["GET"]}}],"collection":[{"href":"https:\/\/dailytalks.org\/index.php?rest_route=\/wp\/v2\/posts"}],"about":[{"href":"https:\/\/dailytalks.org\/index.php?rest_route=\/wp\/v2\/types\/post"}],"author":[{"embeddable":true,"href":"https:\/\/dailytalks.org\/index.php?rest_route=\/wp\/v2\/users\/1"}],"replies":[{"embeddable":true,"href":"https:\/\/dailytalks.org\/index.php?rest_route=%2Fwp%2Fv2%2Fcomments&post=28430"}],"version-history":[{"count":0,"href":"https:\/\/dailytalks.org\/index.php?rest_route=\/wp\/v2\/posts\/28430\/revisions"}],"wp:featuredmedia":[{"embeddable":true,"href":"https:\/\/dailytalks.org\/index.php?rest_route=\/wp\/v2\/media\/28431"}],"wp:attachment":[{"href":"https:\/\/dailytalks.org\/index.php?rest_route=%2Fwp%2Fv2%2Fmedia&parent=28430"}],"wp:term":[{"taxonomy":"category","embeddable":true,"href":"https:\/\/dailytalks.org\/index.php?rest_route=%2Fwp%2Fv2%2Fcategories&post=28430"},{"taxonomy":"post_tag","embeddable":true,"href":"https:\/\/dailytalks.org\/index.php?rest_route=%2Fwp%2Fv2%2Ftags&post=28430"}],"curies":[{"name":"wp","href":"https:\/\/api.w.org\/{rel}","templated":true}]}}