{"id":33178,"date":"2023-02-05T06:44:50","date_gmt":"2023-02-05T06:44:50","guid":{"rendered":"https:\/\/dailytalks.org\/?p=33178"},"modified":"2023-02-05T06:44:50","modified_gmt":"2023-02-05T06:44:50","slug":"ford-a-considere-un-retour-en-f1-avec-sa-propre-equipe","status":"publish","type":"post","link":"https:\/\/dailytalks.org\/?p=33178","title":{"rendered":"Ford a consid\u00e9r\u00e9 un retour en F1 avec sa propre \u00e9quipe"},"content":{"rendered":"<p>De retour en F1 en 2026 en tant que motoriste, Ford a envisag\u00e9 puis rejet\u00e9 la possibilit\u00e9 de revenir en tant que constructeur \u00e0 part enti\u00e8re. Le constructeur automobile am\u00e9ricain, qui a confirm\u00e9 un partenariat en F1 avec Red Bull pour le nouveau r\u00e8glement, a eu des discussions avec certaines \u00e9quipes (&#8230;)<\/p>\n<p>&#8211;<br \/>\nFormule 1<\/p>\n<p>\/<br \/>\nFord&#8230;<br \/><a href=\"https:\/\/motorsport.nextgen-auto.com\/fr\/formule-1\/ford-a-considere-un-retour-en-f1-avec-sa-propre-equipe,178749.html\" class=\"button purchase\" rel=\"nofollow noopener\" target=\"_blank\">Read More<\/a><\/p>\n","protected":false},"excerpt":{"rendered":"<p>De retour en F1 en 2026 en tant que motoriste, Ford a envisag\u00e9 puis rejet\u00e9<\/p>\n","protected":false},"author":1,"featured_media":33179,"comment_status":"open","ping_status":"open","sticky":false,"template":"","format":"standard","meta":{"footnotes":""},"categories":[41],"tags":[],"class_list":["post-33178","post","type-post","status-publish","format-standard","has-post-thumbnail","hentry","category-americas"],"featured_image_urls":{"full":["https:\/\/dailytalks.org\/wp-content\/uploads\/2023\/02\/33178-ford-a-considere-un-retour-en-f1-avec-sa-propre-equipe.jpg",680,453,false],"thumbnail":["https:\/\/dailytalks.org\/wp-content\/uploads\/2023\/02\/33178-ford-a-considere-un-retour-en-f1-avec-sa-propre-equipe-150x150.jpg",150,150,true],"medium":["https:\/\/dailytalks.org\/wp-content\/uploads\/2023\/02\/33178-ford-a-considere-un-retour-en-f1-avec-sa-propre-equipe-300x200.jpg",300,200,true],"medium_large":["https:\/\/dailytalks.org\/wp-content\/uploads\/2023\/02\/33178-ford-a-considere-un-retour-en-f1-avec-sa-propre-equipe.jpg",640,426,false],"large":["https:\/\/dailytalks.org\/wp-content\/uploads\/2023\/02\/33178-ford-a-considere-un-retour-en-f1-avec-sa-propre-equipe.jpg",640,426,false],"1536x1536":["https:\/\/dailytalks.org\/wp-content\/uploads\/2023\/02\/33178-ford-a-considere-un-retour-en-f1-avec-sa-propre-equipe.jpg",680,453,false],"2048x2048":["https:\/\/dailytalks.org\/wp-content\/uploads\/2023\/02\/33178-ford-a-considere-un-retour-en-f1-avec-sa-propre-equipe.jpg",680,453,false],"chromenews-featured":["https:\/\/dailytalks.org\/wp-content\/uploads\/2023\/02\/33178-ford-a-considere-un-retour-en-f1-avec-sa-propre-equipe.jpg",680,453,false],"chromenews-large":["https:\/\/dailytalks.org\/wp-content\/uploads\/2023\/02\/33178-ford-a-considere-un-retour-en-f1-avec-sa-propre-equipe.jpg",680,453,false],"chromenews-medium":["https:\/\/dailytalks.org\/wp-content\/uploads\/2023\/02\/33178-ford-a-considere-un-retour-en-f1-avec-sa-propre-equipe-590x410.jpg",590,410,true]},"author_info":{"display_name":"Jonathan Jeriah","author_link":"https:\/\/dailytalks.org\/?author=1"},"category_info":"<a href=\"https:\/\/dailytalks.org\/?cat=41\" rel=\"category\">Americas<\/a>","tag_info":"Americas","comment_count":"0","_links":{"self":[{"href":"https:\/\/dailytalks.org\/index.php?rest_route=\/wp\/v2\/posts\/33178","targetHints":{"allow":["GET"]}}],"collection":[{"href":"https:\/\/dailytalks.org\/index.php?rest_route=\/wp\/v2\/posts"}],"about":[{"href":"https:\/\/dailytalks.org\/index.php?rest_route=\/wp\/v2\/types\/post"}],"author":[{"embeddable":true,"href":"https:\/\/dailytalks.org\/index.php?rest_route=\/wp\/v2\/users\/1"}],"replies":[{"embeddable":true,"href":"https:\/\/dailytalks.org\/index.php?rest_route=%2Fwp%2Fv2%2Fcomments&post=33178"}],"version-history":[{"count":0,"href":"https:\/\/dailytalks.org\/index.php?rest_route=\/wp\/v2\/posts\/33178\/revisions"}],"wp:featuredmedia":[{"embeddable":true,"href":"https:\/\/dailytalks.org\/index.php?rest_route=\/wp\/v2\/media\/33179"}],"wp:attachment":[{"href":"https:\/\/dailytalks.org\/index.php?rest_route=%2Fwp%2Fv2%2Fmedia&parent=33178"}],"wp:term":[{"taxonomy":"category","embeddable":true,"href":"https:\/\/dailytalks.org\/index.php?rest_route=%2Fwp%2Fv2%2Fcategories&post=33178"},{"taxonomy":"post_tag","embeddable":true,"href":"https:\/\/dailytalks.org\/index.php?rest_route=%2Fwp%2Fv2%2Ftags&post=33178"}],"curies":[{"name":"wp","href":"https:\/\/api.w.org\/{rel}","templated":true}]}}