{"id":78749,"date":"2023-07-06T00:45:32","date_gmt":"2023-07-06T00:45:32","guid":{"rendered":"https:\/\/dailytalks.org\/?p=78749"},"modified":"2023-07-06T00:45:32","modified_gmt":"2023-07-06T00:45:32","slug":"licoes-da-pandemia-devem-ser-transformadas-em-acoes-para-que-o-mundo-esteja-mais-bem-preparado-para-futuras-emergencias-destaca-diretor-da-opas-na-abertura-da-17a-conferencia-nacional-de-saude-no-br","status":"publish","type":"post","link":"https:\/\/dailytalks.org\/?p=78749","title":{"rendered":"Li\u00e7\u00f5es da pandemia devem ser transformadas em a\u00e7\u00f5es para que o mundo esteja mais bem preparado para futuras emerg\u00eancias, destaca diretor da OPAS na abertura da 17\u00aa Confer\u00eancia Nacional de Sa\u00fade, no Brasil"},"content":{"rendered":"<p>Lessons from the pandemic must be transformed into actions to prepare for future health emergencies, highlights PAHO director at opening of 17th National Health Conference, in Brazil<\/p>\n<p>Cristina Mitchell<\/p>\n<p>3 Jul 2023&#8230;<br \/><a href=\"https:\/\/www.paho.org\/pt\/noticias\/3-7-2023-licoes-da-pandemia-devem-ser-transformadas-em-acoes-para-que-mundo-esteja-mais\" class=\"button purchase\" rel=\"nofollow noopener\" target=\"_blank\">Read More<\/a><\/p>\n","protected":false},"excerpt":{"rendered":"<p>Lessons from the pandemic must be transformed into actions to prepare for future health emergencies,<\/p>\n","protected":false},"author":1,"featured_media":78750,"comment_status":"open","ping_status":"open","sticky":false,"template":"","format":"standard","meta":{"footnotes":""},"categories":[43],"tags":[],"class_list":["post-78749","post","type-post","status-publish","format-standard","has-post-thumbnail","hentry","category-health"],"featured_image_urls":{"full":["https:\/\/dailytalks.org\/wp-content\/uploads\/2023\/07\/78749-licoes-da-pandemia-devem-ser-transformadas-em-acoes-para-que-o-mundo-esteja-mais-bem-preparado-para-futuras-emergencias-destaca-diretor-da-opas-na-abertura-da-17a-conferencia-nacional-de-saude-no-br.jpg",650,400,false],"thumbnail":["https:\/\/dailytalks.org\/wp-content\/uploads\/2023\/07\/78749-licoes-da-pandemia-devem-ser-transformadas-em-acoes-para-que-o-mundo-esteja-mais-bem-preparado-para-futuras-emergencias-destaca-diretor-da-opas-na-abertura-da-17a-conferencia-nacional-de-saude-no-br-150x150.jpg",150,150,true],"medium":["https:\/\/dailytalks.org\/wp-content\/uploads\/2023\/07\/78749-licoes-da-pandemia-devem-ser-transformadas-em-acoes-para-que-o-mundo-esteja-mais-bem-preparado-para-futuras-emergencias-destaca-diretor-da-opas-na-abertura-da-17a-conferencia-nacional-de-saude-no-br-300x185.jpg",300,185,true],"medium_large":["https:\/\/dailytalks.org\/wp-content\/uploads\/2023\/07\/78749-licoes-da-pandemia-devem-ser-transformadas-em-acoes-para-que-o-mundo-esteja-mais-bem-preparado-para-futuras-emergencias-destaca-diretor-da-opas-na-abertura-da-17a-conferencia-nacional-de-saude-no-br.jpg",640,394,false],"large":["https:\/\/dailytalks.org\/wp-content\/uploads\/2023\/07\/78749-licoes-da-pandemia-devem-ser-transformadas-em-acoes-para-que-o-mundo-esteja-mais-bem-preparado-para-futuras-emergencias-destaca-diretor-da-opas-na-abertura-da-17a-conferencia-nacional-de-saude-no-br.jpg",640,394,false],"1536x1536":["https:\/\/dailytalks.org\/wp-content\/uploads\/2023\/07\/78749-licoes-da-pandemia-devem-ser-transformadas-em-acoes-para-que-o-mundo-esteja-mais-bem-preparado-para-futuras-emergencias-destaca-diretor-da-opas-na-abertura-da-17a-conferencia-nacional-de-saude-no-br.jpg",650,400,false],"2048x2048":["https:\/\/dailytalks.org\/wp-content\/uploads\/2023\/07\/78749-licoes-da-pandemia-devem-ser-transformadas-em-acoes-para-que-o-mundo-esteja-mais-bem-preparado-para-futuras-emergencias-destaca-diretor-da-opas-na-abertura-da-17a-conferencia-nacional-de-saude-no-br.jpg",650,400,false],"chromenews-featured":["https:\/\/dailytalks.org\/wp-content\/uploads\/2023\/07\/78749-licoes-da-pandemia-devem-ser-transformadas-em-acoes-para-que-o-mundo-esteja-mais-bem-preparado-para-futuras-emergencias-destaca-diretor-da-opas-na-abertura-da-17a-conferencia-nacional-de-saude-no-br.jpg",650,400,false],"chromenews-large":["https:\/\/dailytalks.org\/wp-content\/uploads\/2023\/07\/78749-licoes-da-pandemia-devem-ser-transformadas-em-acoes-para-que-o-mundo-esteja-mais-bem-preparado-para-futuras-emergencias-destaca-diretor-da-opas-na-abertura-da-17a-conferencia-nacional-de-saude-no-br.jpg",650,400,false],"chromenews-medium":["https:\/\/dailytalks.org\/wp-content\/uploads\/2023\/07\/78749-licoes-da-pandemia-devem-ser-transformadas-em-acoes-para-que-o-mundo-esteja-mais-bem-preparado-para-futuras-emergencias-destaca-diretor-da-opas-na-abertura-da-17a-conferencia-nacional-de-saude-no-br-590x400.jpg",590,400,true]},"author_info":{"display_name":"Jonathan Jeriah","author_link":"https:\/\/dailytalks.org\/?author=1"},"category_info":"<a href=\"https:\/\/dailytalks.org\/?cat=43\" rel=\"category\">Health<\/a>","tag_info":"Health","comment_count":"0","_links":{"self":[{"href":"https:\/\/dailytalks.org\/index.php?rest_route=\/wp\/v2\/posts\/78749","targetHints":{"allow":["GET"]}}],"collection":[{"href":"https:\/\/dailytalks.org\/index.php?rest_route=\/wp\/v2\/posts"}],"about":[{"href":"https:\/\/dailytalks.org\/index.php?rest_route=\/wp\/v2\/types\/post"}],"author":[{"embeddable":true,"href":"https:\/\/dailytalks.org\/index.php?rest_route=\/wp\/v2\/users\/1"}],"replies":[{"embeddable":true,"href":"https:\/\/dailytalks.org\/index.php?rest_route=%2Fwp%2Fv2%2Fcomments&post=78749"}],"version-history":[{"count":0,"href":"https:\/\/dailytalks.org\/index.php?rest_route=\/wp\/v2\/posts\/78749\/revisions"}],"wp:featuredmedia":[{"embeddable":true,"href":"https:\/\/dailytalks.org\/index.php?rest_route=\/wp\/v2\/media\/78750"}],"wp:attachment":[{"href":"https:\/\/dailytalks.org\/index.php?rest_route=%2Fwp%2Fv2%2Fmedia&parent=78749"}],"wp:term":[{"taxonomy":"category","embeddable":true,"href":"https:\/\/dailytalks.org\/index.php?rest_route=%2Fwp%2Fv2%2Fcategories&post=78749"},{"taxonomy":"post_tag","embeddable":true,"href":"https:\/\/dailytalks.org\/index.php?rest_route=%2Fwp%2Fv2%2Ftags&post=78749"}],"curies":[{"name":"wp","href":"https:\/\/api.w.org\/{rel}","templated":true}]}}